{"id":695,"date":"2022-11-10T19:20:00","date_gmt":"2022-11-10T18:20:00","guid":{"rendered":"https:\/\/via-cultura.sk\/?p=695"},"modified":"2023-03-29T18:05:24","modified_gmt":"2023-03-29T16:05:24","slug":"preco-nemame-radi-nase-kulturne-elity","status":"publish","type":"post","link":"https:\/\/via-cultura.sk\/en\/preco-nemame-radi-nase-kulturne-elity\/","title":{"rendered":"Pre\u010do nem\u00e1me radi na\u0161e kult\u00farne elity?"},"content":{"rendered":"<p>\u00c1no, pravdu maj\u00fa v\u0161etky a\u00a0v\u0161etci t\u00ed, ktor\u00ed tvrdia, \u017ee n\u00e1\u0161 \u0161t\u00e1tny i\u00a0samospr\u00e1vne rozpo\u010dty by u\u00a0tak\u00e9ho Winstona Churchila nepre\u0161li. Ke\u010f po\u010das II. svetovej vojny videl v\u00a0britskom rozpo\u010dte sumu v\u00fddavkov na arm\u00e1du a\u00a0zbrane a\u00a0nulu pre kult\u00faru, op\u00fdtal sa sarkasticky: A\u00a0o\u00a0\u010do bojujeme v\u00a0tejto vojne?<\/p>\n<p>E\u0161te st\u00e1le sme nepresved\u010dili v\u00e4\u010d\u0161inu spolo\u010dnosti, ani po 30.rokochslobodn\u00e9ho a\u00a0samostatn\u00e9ho \u0161t\u00e1tu, \u017ee najdrah\u0161\u00edm v\u00fddavkov pre ka\u017ed\u00fa modern\u00fa spolo\u010dnos\u0165 a\u00a0v\u00a0ka\u017edej etape moderniz\u00e1cie je ignorovanie vlastn\u00fdch tvoriv\u00fdch mozgov, vlastnej kult\u00farnej, teda vedeckej, umeleckej, architektonickej, vzdel\u00e1vacej, teologickej\u00a0 a at\u010f. elity. Preto\u017ee bez nich m\u00f4\u017eeme dosiahnu\u0165 rast HDP prijat\u00edm ekonomick\u00fdch reforiem, zn\u00ed\u017ei\u0165 nezamestnanos\u0165 vytvoren\u00edm umel\u00fdch stavebn\u00fdch firiem, pritiahnu\u0165 zahrani\u010dn\u00e9 invest\u00edcie r\u00f4znymi stimulmi &#8211; (tie na\u0161u kult\u00faru nepoznaj\u00fa a\u00a0nepotrebuj\u00fa, tie si zo ziskov bud\u00fa doma financova\u0165 svoju) &#8211; ale rozhodne nedosiahneme komplexn\u00fd civiliza\u010dn\u00fd rozvoj nielen na\u0161ej krojovanej Slova\u010de, ale cel\u00e9ho \u00fazemia Slovenskej republiky.<\/p>\n<p>Pre pochopenie z\u00e1sadnej \u00falohy kult\u00fary v\u00a0\u0161t\u00e1te a\u00a0s\u00a0\u0148ou spojenej kvality na\u0161ej n\u00e1rodnej identity bola a\u00a0dodnes je d\u00f4le\u017eit\u00e1 z\u00e1kladn\u00e1 legenda, ako sa dnes moderne hovor\u00ed n\u00e1rodnej nar\u00e1cii, t\u00e1 epick\u00e1 farebn\u00e1, alebo lyrick\u00e1 rozpr\u00e1vka o\u00a0tom, kto vlastne sme, ak\u00e1 je na\u0161a \u00faloha v\u00a0Eur\u00f3pe a\u00a0\u010do znamen\u00e1me v\u00a021.storo\u010d\u00ed. Pre Slov\u00e1kov sa a\u017e do roku 1918 stali liter\u00e1ti, b\u00e1snici, umelci, teda \u010dasto v\u00a0zahrani\u010d\u00ed vzdelan\u00e1, ako sa vo\u013eakedy hovorilo \u0161tudovan\u00e1, mestsk\u00e1 elita tvorcami, kreat\u00edvcami a\u00a0nosite\u013emi vym\u00fd\u0161\u013ean\u00fdch n\u00e1rodn\u00fdch trad\u00edci\u00ed, ako sa na romantikov v\u00a019.storo\u010d\u00ed v\u0161ade v\u00a0Eur\u00f3pe patrilo. Pred vy\u0161e 170. rokmi v\u00a0ich hlav\u00e1ch vznikli m\u00fdty, ktor\u00fdmi dodnes s\u00fdtime hlavi\u010dky na\u0161ich det\u00ed v\u00a0\u0161kol\u00e1ch a\u00a0opakujeme ich do nemoty v\u00a0politick\u00fdch kampaniach aj \u00a0napriek mnoh\u00fdm v\u00fdzvam elitn\u00fdch historikov, ktor\u00ed n\u00e1s u\u017e dlh\u0161ie nab\u00e1daj\u00fa ku kritickej anal\u00fdze n\u00e1rodn\u00fdch rozpr\u00e1vok a\u00a0z\u00a0nich plyn\u00facich predsudkov.<\/p>\n<p>Aj v\u00a021.storo\u010d\u00ed st\u00e1le u\u010d\u00edme, opakujeme \u010fal\u0161\u00edm gener\u00e1ci\u00e1m, \u017ee najv\u00e4\u010d\u0161\u00ed \u00fader proti n\u00e1\u0161mu n\u00e1rodu v\u00a0obdob\u00ed ma\u010fariz\u00e1cie smeroval najm\u00e4 na \u0161kolstvo. \u0160koly n\u00e1m Budape\u0161\u0165 zatv\u00e1rala, to je pravda, ale cez to v\u0161etko v\u00a0ma\u010farizovan\u00fdch \u0161kol\u00e1ch vyr\u00e1stla slovensk\u00e1 inteligencia, ktor\u00e1 n\u00e1s priviedla do 20.storo\u010dia v podobe modern\u00e9ho n\u00e1roda s\u00a0vlastn\u00fdm jazykom a kult\u00farou. Hlavn\u00fa \u00falohu v\u00a0tom zohralo napojenie slovenskej elity na eur\u00f3psku kult\u00faru, vzdelanie, ich schopnos\u0165 kriticky myslie\u0165, ktor\u00e9ho\u00a0 d\u00f4sledky sa uk\u00e1zali po\u010das I. svetovej vojny a\u00a0bezprostredne po nej. T\u00fato sk\u00fa\u0161ku sme pri v\u0161etkej kriti\u010dnosti zvl\u00e1dli.<\/p>\n<p>Medzivojnov\u00e1 moderniz\u00e1cia v\u00a0nov\u00fdch podmienkach \u010deskoslovensk\u00e9ho \u0161t\u00e1tu kl\u00e1dla slovenskej elite nov\u00e9 ot\u00e1zky, ako budeme interpretova\u0165 svet a\u00a0jeho nov\u00e9 probl\u00e9my zbaven\u00ed v \u010ceskoslovensku strachu z\u00a0celkovej elimin\u00e1cie. Kult\u00fara dostala vo v\u0161etk\u00fdch nov\u00fdch \u0161t\u00e1toch Strednej Eur\u00f3py, t\u00fdchto \u201epigmejoch Eur\u00f3py\u201c ako sa hovorilo v\u00a0Z\u00e1padnej Eur\u00f3pe, \u00a0v\u00fdnimo\u010dn\u00fa \u00falohu pri v\u00fdchove a\u00a0vzdel\u00e1van\u00ed obyvate\u013eov pre bud\u00facnos\u0165 a\u00a0o zdrojoch modernity, bez ktorej by rozvoj technol\u00f3gi\u00ed a\u00a0administr\u00e1cii nebol mo\u017en\u00fd bez oh\u013eadu na to, \u017ee od druhej polovice tridsiatych rokov Hitler propagoval my\u0161lienku do\u010dasnosti podoby Strednej Eur\u00f3py po versaillskom usporiadan\u00ed. U\u017e d\u00e1vno sa pripravoval na nov\u00e9 zjednotenie Eur\u00f3py, tentoraz v\u00a0hnedej farbe. Na\u0161\u0165astie na\u0161a elita, ktor\u00e1 vyr\u00e1stla v\u00a0demokratickej atmosf\u00e9re \u010ceskoslovenska, vojensk\u00e1 i\u00a0t\u00e1 kult\u00farna, nestratila ostra\u017eitos\u0165 a\u00a0pomocou Slovensk\u00e9ho n\u00e1rodn\u00e9ho povstania n\u00e1s zaradila medzi v\u00ed\u0165azov II. svetovej vojny. Dodnes si zasl\u00fa\u017ei na\u0161u \u00factu a\u00a0spomienky.<\/p>\n<p>Roky po \u0161tyridsiatom \u00f4smom n\u00e1m do ve\u013ekej miery zasvinili pam\u00e4\u0165 n\u00e1roda. Roky sme boli v\u00a0policajnom \u0161t\u00e1te v\u00a0kult\u00fare don\u00faten\u00ed prisaha\u0165 na takzvan\u00fd socialistick\u00fd realizmus, v\u00a0ktorom vznikali nov\u00e9 socialistick\u00e9 m\u00fdty a\u00a0legendy formou a\u00a0rodom z\u00a0V\u00fdchodnej Eur\u00f3py, \u010do bol nov\u00fd smer, ktor\u00fd nikdy predt\u00fdm na\u0161e elity neovplyv\u0148oval. Totalitn\u00e9 praktiky za p\u00e1r rokov zni\u010dili ve\u013ek\u00fa \u010das\u0165 vzdelanej elity n\u00e1\u0161ho n\u00e1roda a\u00a0e\u0161te sme sa t\u00fdm chv\u00e1lili. Do roku 1990 sme vst\u00fapili ekonomicky, vojensky i\u00a0kult\u00farne znovu zdecimovan\u00ed a\u00a0dosia\u013e sa n\u00e1m nepodarilo vyhodi\u0165 z\u00a0na\u0161ej n\u00e1rodnej pam\u00e4te, z\u00a0predsudkov, ktor\u00e9 sa po dve gener\u00e1cie zahniezdili v\u00a0hlav\u00e1ch obyvate\u013eov Slovenska, falo\u0161n\u00e9 m\u00fdty a\u00a0rozpr\u00e1vky ruskej proveniencie. A\u00a0nie v\u0161etky boli tak\u00e9 naivn\u00e9 ako rozpr\u00e1vka o\u00a0Mr\u00e1zikovi.<\/p>\n<p>V\u00a0obdob\u00ed me\u010diarizmu, od roku 1994 sme zase podst\u00fapili snahu \u00faplne vymeni\u0165 elity, boli sme pomocou slovensk\u00fdch voli\u010diek a\u00a0voli\u010dov zbaven\u00ed aj skuto\u010dn\u00fdch politick\u00fdch l\u00eddrov, ale p\u00e1r rokov bez strachu v\u00a0\u010dasoch \u201eperestrojky\u201c z\u00a0Moskvy a\u00a0 troch rokov slobodn\u00e9ho \u010ceskoslovenska umo\u017enili vytvorenie silnej ob\u010dianskej spolo\u010dnosti, teda tej \u010dasti ka\u017ed\u00e9ho slobodn\u00e9ho n\u00e1roda, ktorej sa komunisti v\u017edy najviac ob\u00e1vali. To vzdelan\u00ed a\u00a0vo svete orientovan\u00ed \u013eudia vedeli zodpoveda\u0165 na ot\u00e1zky obyvate\u013eov, hlboko analyzuj\u00fac ob\u010dianske probl\u00e9my bez toho, aby t\u00fdm siahali po politickej moci. Osvetov\u00fdmi iniciat\u00edvami si budovali kapit\u00e1l d\u00f4very aj t\u00fdm, \u017ee spolupracovn\u00edkov a\u00a0\u013eud\u00ed okolo za\u0161tepili odolnou bakt\u00e9riou pocitu zodpovednosti za osud Slovenska bez toho, aby svoje postoje zviazali s\u00a0nejakou ideol\u00f3giou, okrem jasn\u00e9ho pocitu prin\u00e1le\u017eitosti do slobodn\u00e9ho z\u00e1padn\u00e9ho sveta. Podporovali rast spolo\u010denskej dynamiky, ujali sa mladej gener\u00e1cie, \u0161\u00edriac svoje vedomosti, fakty a\u00a0osobn\u00fa anga\u017eovanos\u0165 ako vhodn\u00fd pr\u00edklad pre \u0148u. T\u00edto elitn\u00ed \u013eudia n\u00e1s zachr\u00e1nili pred stra\u0161n\u00fdm geopolitick\u00fdm osudom, ktor\u00fd n\u00e1s hrozil uv\u00e4zni\u0165 vo v\u00fdchodnom svete, alebo tzv. \u201eruskom mire\u201c.<\/p>\n<p>V\u00a0posledn\u00fdch mesiacoch po pand\u00e9mii sa v\u00a0na\u0161om \u0161t\u00e1te nach\u00e1dzame vo vidite\u013enom vn\u00fatornom kult\u00farnom konflikte. Tentokr\u00e1t bez cudzieho tlaku zvonku, na ktor\u00fd by sme sa mohli vyhov\u00e1ra\u0165 tak, ako sme sa vyhov\u00e1rali na Ma\u010farov, \u010cechov, komunistov, zl\u00fd osud. V\u0161etko nasved\u010duje tomu, \u017ee ani dnes nie sme schopn\u00ed\/\u00e9 rozobra\u0165 na jednotliv\u00e9 \u010dinitele tento konflikt, aby sme sa pokojnej\u0161ie, bez obvykl\u00e9ho bezplodn\u00e9ho nariekania a schematick\u00e9ho myslenia mohli jednotliv\u00fdmi probl\u00e9mami zaobera\u0165, lebo inak str\u00e1came schopnos\u0165 formulovania nov\u00fdch pr\u00edbehov, ktor\u00e9 by n\u00e1s sp\u00e1jali a\u00a0koncentrovali by na\u0161u pozornos\u0165\u00a0 na d\u00f4le\u017eit\u00fa bud\u00facnos\u0165. Ne\u010dudo, \u017ee sa Slovensko pre n\u00e1s sam\u00fdch st\u00e1va infantilnou krajinou s\u00a0infantiln\u00fdmi elitami, politick\u00fdmi reprezentantmi a\u00a0detinsk\u00fdm obyvate\u013estvo. To Slovensko, ktor\u00e9 je v\u00fdnimo\u010dne \u00faspe\u0161nou krajinou, ktor\u00e1 pre\u0161la ve\u013emi komplikovanou tranz\u00edciou a\u00a0dnes sed\u00ed spolu s\u00a0ostatn\u00fdmi demokratick\u00fdmi vyspel\u00fdmi \u0161t\u00e1tmi za jedn\u00fdm stolom a\u00a0t\u00fdm uskuto\u010dnila sny mnoh\u00fdch gener\u00e1ci\u00ed pred nami. \u010co s t\u00fdm?<\/p>\n<p>Zoberme si napr\u00edklad n\u00e1rodn\u00fa nar\u00e1ciu o na\u0161ej minulosti, o na\u0161ich dejin\u00e1ch. Ako sa k\u00a0nim staviame, \u010do si z\u00a0nich vyber\u00e1me a\u00a0\u010do sme nepremyslene zahodili v\u00a0mene zd\u00f4raz\u0148ovania, \u017ee stavitelia hradov, z\u00e1mkov a\u00a0miest boli elitn\u00ed ne-predkovia a\u00a0na\u0161i predkovia boli v\u00fdlu\u010dne nevzdelan\u00ed plebejci, b\u00edre\u0161i a\u00a0ba\u010dovia na holiach, ktor\u00ed vo vo\u013en\u00fdch chv\u00ed\u013each preskakovali ohne. Mali by sme presved\u010di\u0165 n\u00e1s sam\u00fdch, my, ktor\u00ed \u017eijeme dnes v\u00a0na\u0161ej starobylej krajine a\u00a0star\u00e1me sa o\u00a0v\u00fdznamn\u00e9 eur\u00f3pske kult\u00farne dedi\u010dstvo, \u017ee tie skuto\u010dn\u00e9 historick\u00e9 udalosti s\u00fa pre moderne mysliacich ob\u010danov Slovenska predsa len zauj\u00edmavej\u0161ie, ne\u017e tie star\u00e9 cenzurovan\u00e9 rozpr\u00e1vky so symbolmi, ktor\u00e9 nevieme u\u017e ani roz\u0161ifrova\u0165. Na\u0161i predchodcovia v\u00a0monarchii ur\u010dite ne\u017eili nezauj\u00edmav\u00e9 \u017eivoty v\u00a0pocite perif\u00e9rie kult\u00farneho sveta. \u017dili v nieko\u013ekostoro\u010dnom kr\u00e1\u013eovstve a\u00a0patrili medzi obyvate\u013eov historickej zeme s\u00a0kr\u00e1\u013eovsk\u00fdmi mestami, gotick\u00fdmi kostolmi, renesan\u010dn\u00fdmi pal\u00e1cmi a n\u00e1dhernou pr\u00edrodou. My sme si z\u00a0toho v\u0161etk\u00e9ho vybrali p\u00e1r dediniek s\u00a0ma\u013eovan\u00fdmi obl\u00f4\u010dikmi. Dne\u0161n\u00fd modern\u00fd\u00a0 slovensk\u00fd n\u00e1rod sa ur\u010dite nerodil na detvianskych lazoch, ktor\u00e9 tak zbo\u017e\u0148ujeme v na\u0161ej kult\u00fare a\u00a0ku ktor\u00fdm sa ideovo utiekame. Na\u0161a slovenskos\u0165 vznikala v\u00a0mest\u00e1ch a meste\u010dk\u00e1ch, na far\u00e1ch vzdelan\u00fdch evanjelick\u00fdch k\u0148azov, v\u00a0mal\u00fdch \u0161\u013eachtick\u00fdch s\u00eddlach severn\u00e9ho Slovenska, medzi elitn\u00fdmi mestsk\u00fdmi vrstvami. A\u00a0tam sa rodila aj na\u0161a dne\u0161n\u00e1 modernos\u0165, na\u0161a eur\u00f3pskos\u0165.<\/p>\n<p>Star\u00e9 m\u00fdty n\u00e1s udr\u017euj\u00fa vo svete, v\u00a0priestore, ktor\u00fd nie tak celkom pozn\u00e1me. Okrem p\u00e1r historikov nevieme, kto a\u00a0pre\u010do vybudoval tie obrovsk\u00e9 hrady, z ktor\u00fdch s\u00fa u\u017e len malebn\u00e9 ruiny, tie kr\u00e1sne stredovek\u00e9 mest\u00e1, ktor\u00fdmi sa hrd\u00edme pred turistami, lebo v\u00a0n\u00e1rodnej kult\u00fare \u017eijeme v\u00a0presved\u010den\u00ed, \u017ee n\u00e1m vlastne nepatria. \u017de \u017eijeme na\u0161u ka\u017edodennos\u0165 v krajine, ktor\u00fa sme nestvorili. Ako p\u00ed\u0161e po\u013esk\u00fd sociol\u00f3g a\u00a0historik Rafa\u0142 Matyja v\u00a0knihe Miejski grunt, ktor\u00e1 rozv\u00edrila ve\u013ek\u00e9 polemiky v\u00a0susednom Po\u013esku, \u201ena\u0161e my\u0161lienky s\u00fa v\u00e4z\u0148ami inej hist\u00f3rie\u201c. Hist\u00f3ria moderniz\u00e1cie, rozvinut\u00e9ho priemyslu, ban\u00edctva, finan\u010dn\u00edctva, kult\u00fary a umenia, ktor\u00fa za\u017e\u00edvali na\u0161i predkovia, je pre n\u00e1s dodnes cudzia. Nevieme sa zbavi\u0165 zvyku pri popisovan\u00ed na\u0161ej s\u00fa\u010dasnosti neust\u00e1le pou\u017e\u00edva\u0165 slovo \u201ezaostalos\u0165\u201c. Akoby sme sa nechceli porovn\u00e1va\u0165 s\u00a0ostatn\u00fdmi Eur\u00f3panmi ako rovn\u00ed s\u00a0rovn\u00fdm. Stratili sme schopnos\u0165 vidie\u0165 aj in\u00e9 procesy a fakty ako \u201eubiedenos\u0165\u201c, \u201enerozvinutos\u0165\u201c, \u00a0\u201eneschopnos\u0165\u201c, \u201e\u00fabohos\u0165\u201c a\u00a0v\u00a0kr\u00edzach sa utiekame k\u00a0overenej nar\u00e1cii bezmocnej obete. A\u00a0pritom patr\u00edme medzi najbohat\u0161ie a\u00a0bezpe\u010dn\u00e9 \u0161t\u00e1ty sveta.<\/p>\n<p>Dnes \u017eijeme inak, ako pred 150. rokmi. Ideov\u00e9 formy, v\u00a0ktor\u00fdch mysl\u00edme pod vplyvom nov\u00fdch technol\u00f3gii, tovarov a mo\u017enost\u00ed s\u00fa v\u00a0pr\u00edkrom rozpore so star\u00fdmi predstavami a\u00a0kolorovan\u00fdmi\u00a0 fotografiami o\u00a0minulosti. Pred dne\u0161nou slovenskou kult\u00farnou elitou stoj\u00ed preto ve\u013ek\u00e1 \u00faloha. Tak ako ich predchodcovia maj\u00fa povinnos\u0165 nielen nap\u00edsa\u0165, sfilmova\u0165, nama\u013eova\u0165, ale aj presadi\u0165 v\u00a0spolo\u010dnosti nov\u00e9 m\u00fdty a\u00a0modern\u00e9 nar\u00e1cie \u00faspe\u0161n\u00e9ho n\u00e1roda, ktor\u00fd si je vedom\u00fd svojej minulosti, ale m\u00e1 predstavu a\u00a0cie\u013e, k\u00fdm chce by\u0165 a\u00a0ak\u00fa \u00falohu chce hra\u0165 v\u00a0eur\u00f3pskom orchestri. Nem\u00f4\u017eeme predsa v\u00a021.storo\u010d\u00ed len zbiera\u0165 povypad\u00e1van\u00e9 str\u00e1nky romantick\u00fdch ver\u0161ov a\u00a0pr\u00f3z o\u00a0nehyn\u00facej, ale nenaplnenej romantickej l\u00e1ske, ale svoju pozornos\u0165 mus\u00edme zamera\u0165 na podporu zrodu literat\u00fary, umenia, \u017eivotn\u00e9ho \u0161t\u00fdlu, aktiv\u00edt tvoriv\u00fdch el\u00edt, politickej pedagogike kult\u00fary, politickej andragogiky, ktor\u00e1 by zodpovedala na\u0161ej poz\u00edcii v\u00a0Eur\u00f3pe. T\u00fa povestn\u00fa pahrebu u\u017e nechajme definit\u00edvne vychladn\u00fa\u0165.<\/p>\n<p>&nbsp;<\/p>\n<p>&nbsp;<\/p>\n<p>Magdal\u00e9na V\u00e1\u0161\u00e1ryov\u00e1<\/p>\n<p>&nbsp;<\/p>\n<p><strong>Projekt Kult\u00farny kysl\u00edk podporil z verejn\u00fdch zdrojov Fond na podporu kult\u00fary ako hlavn\u00fd partner.<\/strong><\/p>\n<p><img loading=\"lazy\" decoding=\"async\" class=\"alignnone size-medium wp-image-641 aligncenter\" src=\"https:\/\/via-cultura.sk\/wp-content\/uploads\/2023\/01\/FPU_logo1_modre-300x150.jpg\" sizes=\"auto, (max-width: 300px) 100vw, 300px\" srcset=\"https:\/\/via-cultura.sk\/wp-content\/uploads\/2023\/01\/FPU_logo1_modre-300x150.jpg 300w, https:\/\/via-cultura.sk\/wp-content\/uploads\/2023\/01\/FPU_logo1_modre.jpg 500w\" alt=\"\" width=\"300\" height=\"150\" \/><\/p>\n","protected":false},"excerpt":{"rendered":"<p>\u00c1no, pravdu maj\u00fa v\u0161etky a\u00a0v\u0161etci t\u00ed, ktor\u00ed tvrdia, \u017ee n\u00e1\u0161 \u0161t\u00e1tny i\u00a0samospr\u00e1vne rozpo\u010dty by u\u00a0tak\u00e9ho Winstona Churchila nepre\u0161li. Ke\u010f po\u010das II. svetovej vojny videl v\u00a0britskom rozpo\u010dte sumu v\u00fddavkov na arm\u00e1du a\u00a0zbrane a\u00a0nulu pre kult\u00faru, op\u00fdtal sa sarkasticky: A\u00a0o\u00a0\u010do bojujeme v\u00a0tejto vojne? E\u0161te st\u00e1le sme nepresved\u010dili v\u00e4\u010d\u0161inu spolo\u010dnosti, ani po 30.rokochslobodn\u00e9ho a\u00a0samostatn\u00e9ho \u0161t\u00e1tu, \u017ee najdrah\u0161\u00edm v\u00fddavkov [&hellip;]<\/p>\n","protected":false},"author":2,"featured_media":0,"comment_status":"closed","ping_status":"closed","sticky":false,"template":"","format":"standard","meta":{"footnotes":""},"categories":[1,8],"tags":[],"class_list":["post-695","post","type-post","status-publish","format-standard","hentry","category-blog","category-kulturny-kyslik"],"_links":{"self":[{"href":"https:\/\/via-cultura.sk\/en\/wp-json\/wp\/v2\/posts\/695","targetHints":{"allow":["GET"]}}],"collection":[{"href":"https:\/\/via-cultura.sk\/en\/wp-json\/wp\/v2\/posts"}],"about":[{"href":"https:\/\/via-cultura.sk\/en\/wp-json\/wp\/v2\/types\/post"}],"author":[{"embeddable":true,"href":"https:\/\/via-cultura.sk\/en\/wp-json\/wp\/v2\/users\/2"}],"replies":[{"embeddable":true,"href":"https:\/\/via-cultura.sk\/en\/wp-json\/wp\/v2\/comments?post=695"}],"version-history":[{"count":2,"href":"https:\/\/via-cultura.sk\/en\/wp-json\/wp\/v2\/posts\/695\/revisions"}],"predecessor-version":[{"id":710,"href":"https:\/\/via-cultura.sk\/en\/wp-json\/wp\/v2\/posts\/695\/revisions\/710"}],"wp:attachment":[{"href":"https:\/\/via-cultura.sk\/en\/wp-json\/wp\/v2\/media?parent=695"}],"wp:term":[{"taxonomy":"category","embeddable":true,"href":"https:\/\/via-cultura.sk\/en\/wp-json\/wp\/v2\/categories?post=695"},{"taxonomy":"post_tag","embeddable":true,"href":"https:\/\/via-cultura.sk\/en\/wp-json\/wp\/v2\/tags?post=695"}],"curies":[{"name":"wp","href":"https:\/\/api.w.org\/{rel}","templated":true}]}}