{"id":230,"date":"2022-09-19T16:52:39","date_gmt":"2022-09-19T14:52:39","guid":{"rendered":"https:\/\/via-cultura.sk\/?p=230"},"modified":"2022-09-19T16:52:39","modified_gmt":"2022-09-19T14:52:39","slug":"ikp-o-ministerskej-strategii-rozvoja-kreativneho-priemyslu-v-slovenskej-republike","status":"publish","type":"post","link":"https:\/\/via-cultura.sk\/en\/ikp-o-ministerskej-strategii-rozvoja-kreativneho-priemyslu-v-slovenskej-republike\/","title":{"rendered":"IKP o ministerskej Strat\u00e9gii rozvoja kreat\u00edvneho priemyslu v Slovenskej republike"},"content":{"rendered":"<div class=\"entry-content\">\n<p>Ko\u013eko rokov zaost\u00e1vame? T\u00e9ma kreat\u00edvnych priemyslov rezonovala z\u00e1padn\u00fdm svetom v\u00a080tych rokoch 20. storo\u010dia. Vlnu kult\u00farneho a\u00a0kreat\u00edvneho priemyslu sme zachytili a\u017e teraz v\u00a0podobe Strat\u00e9gie rozvoja kreat\u00edvneho priemyslu v\u00a0Slovenskej republike. \u00a0Na tento moment sme s\u00a0nap\u00e4t\u00edm \u010dakali, a\u00a0zrejme preto s\u00fa na\u0161e o\u010dak\u00e1vania privysok\u00e9.<\/p>\n<p>&nbsp;<\/p>\n<p>Potrebujeme:<\/p>\n<p>a)\u00a0\u00a0\u00a0\u00a0\u00a0 zmenu legislat\u00edvy,<\/p>\n<p>b)\u00a0\u00a0\u00a0\u00a0\u00a0 mo\u017enos\u0165 pred\u00e1va\u0165 na\u0161e v\u00fdrobky,<\/p>\n<p>c)\u00a0\u00a0\u00a0\u00a0\u00a0\u00a0 prezentova\u0165 ich doma i\u00a0v\u00a0zahrani\u010d\u00ed,<\/p>\n<p>d)\u00a0\u00a0\u00a0\u00a0\u00a0 vytvori\u0165 miesta, v\u00a0ktor\u00fdch sa bud\u00fa stret\u00e1va\u0165 komunity,<\/p>\n<p>e)\u00a0\u00a0\u00a0\u00a0\u00a0 a v\u010faka spojeniu pestr\u00e9ho komunitn\u00e9ho \u017eivota s\u00a0hist\u00f3riou, pam\u00e4\u0165ou a\u00a0pr\u00edbehmi mesta pritiahneme n\u00e1v\u0161tevn\u00edkov a\u00a0dlhoo\u010dak\u00e1van\u00fdch bohat\u00fdch\u00a0turistov.<\/p>\n<p>S\u00a0t\u00fdmito skuto\u010dne obrovsk\u00fdmi o\u010dak\u00e1vaniami sme Strat\u00e9giu za\u010dali \u010d\u00edta\u0165 i\u00a0my v\u00a0IKP.<\/p>\n<p>A\u00a0akosi to v nej nenach\u00e1dzame. V\u00fdrazy kreat\u00edvna ekonomika, kreat\u00edvny priemysel, \u010di kult\u00farny priemysel sme u\u017e tak sprofanovali a\u00a0ch\u00e1peme ich len ako zlat\u00e9 prasiatko, ktor\u00e9 n\u00e1m poslu\u0161ne prinesie peniaze. Najm\u00e4 tie z\u00a0eurofondov. Prizn\u00e1vame sa, \u017ee v\u00a0IKP poci\u0165ujeme \u00fazkos\u0165 z\u00a0faktu, \u017ee toto m\u00f4\u017ee by\u0165 \u010fal\u0161ia prem\u00e1rnen\u00e1 \u0161anca.<\/p>\n<p><b>Kritick\u00fd poh\u013ead IKP na situa\u010dn\u00fa anal\u00fdzu jednotliv\u00fdch oblast\u00ed kreat\u00edvneho priemyslu tak, ako ich naformulovali tvorcovia <\/b><a href=\"https:\/\/www.mzv.sk\/App\/wcm\/media.nsf\/vw_ByID\/ID_475F3C44DF28E01EC1257DF0002C9AA0_SK\/$File\/150305_strategia_rozvoja_kreativneho_priemyslu_material.pdf\"><b>Strat\u00e9gie rozvoja kreat\u00edvneho priemyslu v\u00a0Slovenskej<\/b><\/a><b> republike<\/b><b>:<\/b><\/p>\n<p><b>Audiovizu\u00e1lna produkcia<\/b><\/p>\n<p>Silnou str\u00e1nkou a\u00a0pr\u00edle\u017eitos\u0165ou, na ktorej mo\u017eno v\u00a0bud\u00facnosti stava\u0165, pova\u017euje MK SR legislat\u00edvne stabilizovan\u00fd syst\u00e9m podpory audiov\u00edzie z\u00a0verejn\u00fdch zdrojov, \u010di\u017ee vznik <a href=\"http:\/\/www.avf.sk\/aboutus.aspx\">Audiovizu\u00e1lneho Fondu (AVF)<\/a>, ktor\u00fd bol zalo\u017een\u00fd v\u00a0roku 2009. Upozor\u0148ujeme, \u017ee tento z\u00e1kon umo\u017enil najm\u00e4 v\u00a0prvom roku svojej existencie korup\u010dn\u00e9 spr\u00e1vanie, \u010doho d\u00f4kazom s\u00fa po\u010detn\u00e9 \u0161kand\u00e1ly, za ktor\u00e9 ale ani minister ani Rada a\u00a0dokonca ani riadite\u013e AVF nepreberaj\u00fa zodpovednos\u0165. Pre\u010do? Preto\u017ee z\u00e1kon je prec\u00edzne naformulovan\u00fd tak, aby zodpovednos\u0165\u00a0 neniesol nikto. Ani \u010dlenovia komisi\u00ed. Typick\u00fd pr\u00edklad \u201etekutej\u201c zodpovednosti pri nar\u00e1ban\u00ed s\u00a0verejn\u00fdmi financiami. A\u00a0to ani nespom\u00edname, \u017ee ani po 5tich rokoch existencie AVF minister nem\u00e1 ani predstavu, ako by mal vyzera\u0165 z\u00e1kladn\u00fd hodnotiaci rebr\u00ed\u010dek, na z\u00e1klade ktor\u00e9ho by vedeli evaluova\u0165, teda vyhodnoti\u0165 efektivitu a\u00a0\u00fa\u010delnos\u0165 vzniku AVF. Ne\u010dudujeme sa, \u017ee do takto nastaven\u00e9ho fondu nikto in\u00fd peniaze nevlo\u017e\u00ed. A\u00a0pritom Fond pre umenie, teda z\u00e1kon o\u00a0\u0148om, je Ctrl+C\u00a0\u00a0 Ctrl+V \u00a0\u00a0\u00a0takejto nezodpovednej zodpovednosti MK SR.<\/p>\n<p>Kvitujeme, \u017ee N\u00e1rodnou radou SR pre\u0161iel nov\u00fd autorsk\u00fd z\u00e1kon, na ktor\u00fd sme tak dlho \u010dakali, a\u00a0ktor\u00fd bol pripraven\u00fd v\u00a0naozajstnom dial\u00f3gu so zainteresovan\u00fdmi subjektmi, ale nako\u013eko je nad\u010dasov\u00fd a zrozumite\u013en\u00fd pre t\u00fdch, ktor\u00ed s\u00fa nosite\u013emi autorsk\u00fdch pr\u00e1v, to uk\u00e1\u017ee a\u017e \u010das. Nesta\u010d\u00ed n\u00e1m pr\u00eds\u013eub ministra, \u017ee vraj maj\u00fa vznikn\u00fa\u0165 tri \u0161pecializovan\u00e9 s\u00fady pre autorsk\u00e9 pr\u00e1va. P\u00fdtame sa, ako dlho to bude trva\u0165, k\u00fdm sa minim\u00e1lne traja sudcovia vy\u0161kolia v\u00a0komplikovanom syst\u00e9me eur\u00f3pskeho autorsk\u00e9ho pr\u00e1va. \u00a0A\u00a0ak sa u\u017e autorsk\u00fd z\u00e1kon pripravoval skoro dva roky, pre\u010do u\u017e nem\u00e1me zoznam tak\u00fdchto s\u00fadov a\u00a0sudcov, ktor\u00ed s\u00fa u\u017e vy\u0161kolen\u00ed? Bohu\u017eia\u013e, mus\u00edme kon\u0161tatova\u0165 absenciu syst\u00e9movej pr\u00e1ce s\u00a0d\u00f4sledkami nov\u00e9ho autorsk\u00e9ho pr\u00e1va. Preto\u017ee je to jedna z\u00a0najkomplikovanej\u0161\u00edch noriem pre kult\u00farny sektor, budeme sa autorsk\u00e9mu pr\u00e1vu venova\u0165 podrobnej\u0161ie v\u00a0\u0161peci\u00e1lnych \u010dl\u00e1nkoch.<\/p>\n<p>Ak sa zaober\u00e1me audiovizu\u00e1lnou produkciou, tak mus\u00edme uvies\u0165, \u017ee jej v\u00fdstupy s\u00fa na 60 % z\u00e1visl\u00e9 od ochoty na\u0161ich verejnopr\u00e1vnych m\u00e9di\u00ed ich vysiela\u0165. Z\u00fafal\u00e9 volania gener\u00e1lneho riadite\u013ea RTVS V\u00e1clava Miku a\u00a0predsedu Rady Igora Galla, ktor\u00ed u\u017e opakovane upozor\u0148uj\u00fa, \u017ee bez zmeny financovania RTVS nebud\u00fa schopn\u00ed zabezpe\u010di\u0165 z\u00e1konom o\u00a0verejnopr\u00e1vnosti predp\u00edsan\u00e9 vysielanie, zanikaj\u00fa, rok pred parlamentn\u00fdmi vo\u013ebami, v\u00a0\u0161ume predvolebn\u00fdch s\u013eubov. Reklamn\u00e9 \u010dasy, ktor\u00e9 boli pre RTVS dodato\u010dn\u00fdm zdrojom pr\u00edjmov boli obmedzen\u00e9 v\u00a0prospech komer\u010dn\u00fdch m\u00e9di\u00ed, ktor\u00e9 si ich okam\u017eite privlastnili. \u00a0Akou skuto\u010dne silnou str\u00e1nkou je teda ekonomick\u00e9 a legislat\u00edvne z\u00e1zemie audiovizu\u00e1lneho priemyslu, jedn\u00e9ho z\u00a0pilierov Strat\u00e9gie?<\/p>\n<p><b>Vydavate\u013esk\u00fd priemysel<\/b><\/p>\n<p>Vydavate\u013esk\u00fd priemysel je v\u00a0Strat\u00e9gii ozna\u010dovan\u00fd za relat\u00edvne konsolidovan\u00e9 odvetvie \u2013 \u201estabiln\u00fd po\u010det zamestnancov so stabiln\u00fdm podielom na celkovom HDP\u201c. IKP vid\u00ed \u00faskalie v tom, \u017ee Strat\u00e9gia v\u00a0pr\u00edslu\u0161nej tabu\u013eke siln\u00fdch a\u00a0slab\u00fdch str\u00e1nok (SWOT) uv\u00e1dza medzi siln\u00fdmi trad\u00edciu \u010d\u00edtania periodick\u00fdch i\u00a0neperiodick\u00fdch publik\u00e1ci\u00ed na dom\u00e1com trhu. Naozaj? My vid\u00edme nebezpe\u010denstvo v\u00a0tom, \u017ee kult\u00farna elita bola a\u00a0je na Slovensku ve\u013emi mal\u00e1 a postupnou v\u00fdmenou gener\u00e1ci\u00ed sa dost\u00e1vaj\u00fa k\u00a0slovu mlad\u00ed konzumenti, ktor\u00ed nielen\u017ee sa vo v\u0161etk\u00fdch medzin\u00e1rodn\u00fdch porovnaniach ocitaj\u00fa na posledn\u00fdch miestach v\u00a0r\u00e1mci OECD v oblasti\u00a0anal\u00fdzy a porozumenia textu, ale aj \u010d\u00edtanos\u0165 na\u0161ich publik\u00e1ci\u00ed a\u00a0kn\u00edh neust\u00e1le kles\u00e1. M\u00f4\u017eeme sa alibisticky tv\u00e1ri\u0165, \u017ee to je probl\u00e9m ministra \u0161kolstva, ale nem\u00f4\u017eeme len na neho cel\u00fa agendu audiencebuildingu, teda v\u00a0doslovnom preklade \u201evytv\u00e1rania publika\u201c pre kult\u00farnu produkciu. Pritom pod\u013ea v\u0161etk\u00fdch najnov\u0161\u00edch prieskumov vz\u0165ah ku knihe z\u00edskavaj\u00fa deti v\u00a0rodine a\u00a0nie a\u017e v\u00a0\u0161kole. Bohu\u017eia\u013e pr\u00e1cu s\u00a0rodinami Strat\u00e9gia v\u00a0bode \u201epodpori\u0165 programy spolupr\u00e1ce medzi \u0161kolami a\u00a0kni\u017enicami, zameran\u00e9 na podporu \u010d\u00edtania, investova\u0165 do technologick\u00e9ho a\u00a0person\u00e1lneho vybavenia kni\u017en\u00edc\u201c neuv\u00e1dza. Ale ani pri schva\u013eovan\u00ed\u00a0 najnov\u0161ieho Kni\u017eni\u010dn\u00e9ho z\u00e1kona\u00a0 sa o\u00a0zv\u00fd\u0161en\u00ed financovania kni\u017en\u00edc a alarmuj\u00facom stave finan\u010dn\u00e9ho podhodnotenia kni\u017eni\u010dn\u00e9ho person\u00e1lu ni\u010d nehovor\u00ed. Predsa v\u0161etky z\u00e1kony z\u00a0dielne MK SR sa hrdia dodatkom, \u017ee nezvy\u0161uj\u00fa n\u00e1roky na \u0161t\u00e1tny rozpo\u010det.<\/p>\n<p>Strat\u00e9gia v\u00a0\u017eiadnom zo svojich bodov nerie\u0161i spolupr\u00e1cu slovensk\u00e9ho vydavate\u013esk\u00e9ho priemyslu so zahrani\u010d\u00edm. Naopak, \u010desk\u00fa literat\u00faru, ktorej v\u010fa\u010d\u00edme za mo\u017enos\u0165 si pre\u010d\u00edta\u0165 preklady zo svetovej literat\u00fary v\u00a0n\u00e1m bl\u00edzkom jazyku, vn\u00edma ako konkurenciu a\u00a0hrozbu. M\u00e1me ma\u0165 pocit, \u017ee slovensk\u00fd vydavate\u013esk\u00fd trh je v b\u00e1je\u010dnej <i>splendid isolation<\/i> v\u010faka slabej znalosti jazykov v minulosti? Kde berie MK SR istotu, \u017ee v\u010faka jeho Strat\u00e9gii sa na Slovensku ni\u010d nezmen\u00ed? Strat\u00e9gia toti\u017e nijako nereflektuje aktivity napr\u00edklad americk\u00e9ho giganta Amazonu na Slovensku. Tam IKP vid\u00ed nieko\u013eko hrozieb. \u010co sa stane s\u00a0asi 8 000 e-shopmi na Slovensku, medzi ktor\u00fdmi nie s\u00fa len \u201eve\u013ek\u00ed hr\u00e1\u010di\u201c?\u00a0 Jedna z\u00a0hrozieb je, \u017ee Amazon za\u010dne by\u0165 pova\u017eovan\u00fd na Slovensku za lok\u00e1lnu firmu tak ako Whirpool, Samsung, \u010di Kia a\u00a0jeho akceptovate\u013enos\u0165 u\u00a0z\u00e1kazn\u00edkov vzrastie.<\/p>\n<p><b>Trh s\u00a0umen\u00edm<\/b><\/p>\n<p>Pri tomto nadpise by sme sa mali bavi\u0165 re\u00e1lne o\u00a0glob\u00e1lnom trhu s umen\u00edm, ktor\u00e9ho by Slovensko malo by\u0165 s\u00fa\u010das\u0165ou, ako \u010dlen glob\u00e1lneho hospod\u00e1rskeho priestoru E\u00da. Alebo sa bav\u00edme o ve\u013ekej \u0161edej ekonomike u\u00a0n\u00e1s, preto\u017ee doteraz nem\u00e1me \u017eiadnu \u201eStrat\u00e9giu trhu s\u00a0umen\u00edm\u201c na Slovensku? Je priam signifikantn\u00e9 pozera\u0165 sa na ve\u013ek\u00fd rozdiel medzi dvomi siln\u00fdmi str\u00e1nkami n\u00e1\u0161ho trhu s\u00a0umen\u00edm a\u00a0mno\u017estvom slab\u00fdch str\u00e1nok, ktor\u00e9 indikuje aj ministerstvo. \u00c1no, \u201echarakteristick\u00fdm znakom slovensk\u00e9ho trhu je aj skuto\u010dnos\u0165, \u017ee s\u00fa\u010dasn\u00e9 umenie z neho tvor\u00ed asi 3 % (eur\u00f3psky priemer je aj po v\u00fdraznom poklese v posledn\u00fdch rokoch st\u00e1le okolo 7 %), \u010do ovplyv\u0148uje charakter trhu, pomer cien, ale aj medzin\u00e1rodn\u00fd kredit a predajnos\u0165 slovensk\u00fdch diel. N\u00e1kupy diel z verejn\u00fdch financi\u00ed tvoria asi 5 % zo zmapovate\u013en\u00e9ho trhu s umen\u00edm, zvy\u0161ok s\u00fa s\u00fakromn\u00e9 akviz\u00edcie.\u201c, citujeme priamo z\u00a0materi\u00e1lu Strat\u00e9gie. Teraz rozumieme \u0161pi\u010dkov\u00fdm slovensk\u00fdm umelcom, ktor\u00ed utekaj\u00fa, ke\u010f u\u017e nie na z\u00e1pad, tak aspo\u0148 do Prahy. Ve\u010f pr\u00edslu\u0161nos\u0165 k\u00a0Slovenskej republike automaticky zni\u017euje hodnotu ich diel. A\u00a0ke\u010f k\u00a0tomu pripoj\u00edme fakt, \u017ee v\u00a0roku 2014 zo 700 000 eur vy\u010dlenen\u00fdch v\u00a0rozpo\u010dtovej kapitole MK SR pre spolupr\u00e1cu so zahrani\u010d\u00edm neminulo ministerstvo ani cent, m\u00f4\u017eeme pova\u017eova\u0165 minim\u00e1lne tento rok za rok straten\u00fdch pr\u00edle\u017eitost\u00ed pri propag\u00e1cii slovensk\u00e9ho umenia v zahrani\u010d\u00ed. Ani na ot\u00e1zku, ak\u00e1 je koncepcia prezentovania slovenskej kult\u00fary na jese\u0148 v\u00a0roku 2016, ke\u010f bude SR predseda\u0165 Eur\u00f3pskej \u00fanii, nedostanete dnes odpove\u010f.\u00a0 V\u0161etko sa zrejme bude robi\u0165 na posledn\u00fa chv\u00ed\u013eu na kolene, ve\u010f v\u00a0tom sme majstri, bez transparentn\u00e9ho verejn\u00e9ho obstar\u00e1vania a\u00a0kvalitnej prezent\u00e1cie modernej s\u00fa\u010dasnej, \u017eivej kult\u00fary. \u010co k\u00a0tomu doda\u0165? Je to ako v\u017edy, ale nestr\u00e1cajme n\u00e1dej.<\/p>\n<p><b>Sc\u00e9nick\u00e9 umenia, hudobn\u00fd priemysel<\/b><\/p>\n<p>Ak m\u00e1te pocit, \u017ee najv\u00e4\u010d\u0161\u00edm probl\u00e9mom tejto oblasti s\u00fa nedostato\u010dne zrozumite\u013en\u00e9 pravidl\u00e1 pre organiz\u00e1cie kolekt\u00edvnej spr\u00e1vy, m\u00e1te aj po schv\u00e1len\u00ed nov\u00e9ho autorsk\u00e9ho z\u00e1kona pravdu. Ale z\u00e1kon je nap\u00edsan\u00fd tak komplikovane, \u017ee len SOZA a\u00a0podobn\u00e9 organiz\u00e1cie kolekt\u00edvnej spr\u00e1vy, s\u00fa schopn\u00e9 ho vyklada\u0165. Ako si ho bud\u00fa vyklada\u0165 , z\u00e1le\u017e\u00ed len na nich, preto\u017ee nikto z\u00a0autorov ich nebude schopn\u00fd kontrolova\u0165. Autorsk\u00fd z\u00e1kon m\u00e1 193 paragrafov a\u00a0ak mu bude na Slovensku rozumie\u0165\u00a0 5 \u013eud\u00ed, aj to je pre IKP pr\u00edli\u0161 ve\u013ek\u00e9 mno\u017estvo. Ani JUDr. v\u00e1m nebude sta\u010di\u0165. \u010co s\u00a0t\u00fdm? O\u00a0rok pr\u00edde nov\u00e1 verzia eur\u00f3pskeho autorsk\u00e9ho z\u00e1kona, ktor\u00e9ho podobu e\u0161te nepozn\u00e1me a\u00a0budeme ho musie\u0165 implementova\u0165. To znamen\u00e1, \u017ee nov\u00fd slovensk\u00fd autorsk\u00fd z\u00e1kon bude otvoren\u00fd a\u00a0vhodn\u00fd na op\u00e4tovn\u00fa STK-\u010dku. D\u00fafajme, \u017ee nebude vyraden\u00fd ako nesp\u00f4sobil\u00fd prev\u00e1dzky pre nadmern\u00e9 mno\u017estvo \u0161kodliv\u00fdch emisi\u00ed.<\/p>\n<p>Upozor\u0148ujeme, \u017ee v\u00a0st\u013apci \u201epotreby rozvoja\u201c v\u00a0\u010dasti Podporova\u0165 prezent\u00e1ciu v\u00a0zahrani\u010d\u00ed a\u00a0export n\u00e1m \u00faplne ch\u00fdba \u010das\u0165 o\u00a0<b>podpore zahrani\u010dn\u00fdch koprodukci\u00ed<\/b>. Ako sme u\u017e v\u00a0<a href=\"https:\/\/via-cultura.sk\/kulturny-kyslik-12015\/\">poslednom \u010d\u00edsle Kult\u00farneho kysl\u00edka<\/a> uviedli, div\u00e1ckou obcou hojne nav\u0161tevovan\u00e9 opern\u00e9 predstavenie na svetovej \u00farovni bez zahrani\u010dnej koprodukcie je dnes v\u00a0podstate finan\u010dne nemo\u017en\u00e9 utiahnu\u0165. Ale my nie sme \u010dlenom siete Opera House Europe.<\/p>\n<p>Smutnou spr\u00e1vou pre v\u0161etk\u00fdch, ktor\u00ed ste do\u010d\u00edtali a\u017e sem, je, \u017ee tento nieko\u013eko mesiacov konzultovan\u00fd materi\u00e1l v\u00f4bec nepracuje so segmentom sc\u00e9nick\u00e9ho umenia, ktor\u00e9 nie je obmedzovan\u00e9 jazykom. To znamen\u00e1 balet, s\u00fa\u010dasn\u00fd tanec, opera, hudba. Naopak, modern\u00e9ho tanca na Slovensku sa u\u017e t\u00e1to Strat\u00e9gia nebude t\u00fdka\u0165, lebo medzit\u00fdm zanikn\u00fa najlep\u0161ie s\u00fabory, napr\u00edklad Elledanse.<\/p>\n<p><b>Umeleck\u00e9 remesl\u00e1, tradi\u010dn\u00e9 a\u00a0\u013eudov\u00e9 remesl\u00e1<\/b><\/p>\n<p>Iniciat\u00edvy v\u00a0tejto \u010dasti kult\u00farnej produkcie tradi\u010dne a\u00a0spr\u00e1vne vznikaj\u00fa zdola, \u010dasto bez akejko\u013evek podpory zo strany org\u00e1nov verejnej spr\u00e1vy. Ale neexistuje efekt\u00edvny syst\u00e9m \u201ezachyt\u00e1vania\u201c talentov a\u00a0ich n\u00e1slednej podpory, pokia\u013e sa sami o\u00a0\u0148u neprihl\u00e1sia. Preto v\u00a0tejto \u010dasti Strat\u00e9gie n\u00e1m rezonuje n\u00e1vrh, ktor\u00fd kladie d\u00f4raz na prep\u00e1janie tradi\u010dn\u00fdch \u013eudov\u00fdch remesiel s\u00a0modern\u00fdm dizajnom. No dobre! Apelujme na syst\u00e9m vyh\u013ead\u00e1vania talentov, ktor\u00ed v\u00a0s\u00fa\u010dasnosti svojim dizajnom vych\u00e1dzaj\u00fa z\u00a0na\u0161ich kult\u00farnych trad\u00edci\u00ed. Len by sme sa kone\u010dne chceli dozvedie\u0165, ak\u00e9 druhy podpory maj\u00fa tvorcovia Strat\u00e9gie na mysli. My v\u00a0IKP by sme apelovali na zmodernizovanie slovensk\u00e9ho kulin\u00e1rskeho v\u00fdtvoru \u2013 bryndzov\u00fdch halu\u0161iek, aby si aj slovensk\u00ed \u201efoodies\u201c pri\u0161li na svoje.<\/p>\n<p>V\u00a0\u010fal\u0161\u00edch \u010dastiach Strat\u00e9gie n\u00e1s zaujal len pl\u00e1n vytvorenia m\u00fazeum-shopov ako distribu\u010dn\u00fdch a\u00a0predajn\u00fdch miest \u2013 teda kone\u010dne prem\u00fd\u0161\u013eame o\u00a0tom, ako sa dostan\u00fa na\u0161a kult\u00farna produkcia k\u00a0spotrebite\u013eovi. <b>Dokonca si mysl\u00edme, \u017ee keby tvorcovia Strat\u00e9gie za\u010dali od ot\u00e1zky, ako by sme mali pracova\u0165 so spotrebite\u013emi, mohli by sme skon\u0161tatova\u0165, \u017ee m\u00e1me Strat\u00e9giu, ktor\u00e1 za\u010d\u00edna od toho spr\u00e1vneho konca.<\/b><\/p>\n<p><b>V\u00fdsledky na\u0161ej strategickej depresie<\/b><\/p>\n<ol>\n<li>M\u00e1me budova\u0165 inkub\u00e1tory, technologick\u00e9 hub-y, dielne, laborat\u00f3ri\u00e1 \u2013 v\u00a0\u010cech\u00e1ch sa u\u017e za\u010d\u00ednaj\u00fa ob\u00e1va\u0165, \u017ee ich s\u00edce vybudovali, ale nevedia, \u010di ich finan\u010dne a\u00a0technologicky udr\u017eia. Tak\u017ee: kde je anal\u00fdza udr\u017eate\u013enosti? V\u00a0tejto Strat\u00e9gii ju nen\u00e1jdete.<\/li>\n<li>M\u00e1me sa vzdel\u00e1va\u0165 preto, aby sme pochopili byrokratick\u00fd kolos, ktor\u00fd sme si sami vytvorili a\u00a0udr\u017eujeme ho? Alebo preto, aby sme pochopili, ako funguje svet okolo n\u00e1s? \u010co keby sme sa vyka\u0161\u013eali na platenie agent\u00far za dovzdel\u00e1vanie a\u00a0norm\u00e1lne zaplatili na\u0161ich odborn\u00edkov, ktor\u00fdch m\u00e1me? Sta\u010dilo by, aby sa vr\u00e1tili niektor\u00e9 prevzdelan\u00e9 mozgy zo zahrani\u010dia.<\/li>\n<li>Vyzer\u00e1 to na \u010fal\u0161\u00ed Fond pre kreat\u00edvny priemysel J? Po\u010duli sme, \u017ee Ministerstvo hospod\u00e1rstva SR bude h\u013eada\u0165 dodato\u010dn\u00e9 financie k\u00a0t\u00fdm 300 mili\u00f3nom eur ur\u010den\u00fdch pre t\u00fato Strat\u00e9giu. Odkia\u013e? Ako bud\u00fa prerozde\u013eovan\u00e9? A\u00a0kto povie, na \u010do financie p\u00f4jdu a\u00a0na \u010do nie? To je k\u013e\u00fa\u010dov\u00e1 ot\u00e1zka na Slovensku! Lebo inak to bude prerozde\u013eovan\u00e9 ako v\u0161etko doteraz. Syst\u00e9mom \u201emy m\u00e1me \u013duba na ministerstve\u201c.<\/li>\n<li>Najviac zar\u00e1\u017eaj\u00face pre n\u00e1s je, \u017ee v\u00a0celom materi\u00e1li nen\u00e1jdete zmienku o\u00a0existencii siln\u00e9ho mimovl\u00e1dneho sektora na Slovensku, ktor\u00fd je nielen zdrojom tvoriv\u00fdch mozgov, ale aj overen\u00fdm zdrojom inov\u00e1ci\u00ed.<\/li>\n<\/ol>\n<p><b>M\u00e1me t\u00fato Strat\u00e9giu pova\u017eova\u0165 za pozit\u00edvnu alebo negat\u00edvnu? Je to lastovi\u010dka, ktor\u00e1 zme\u0161kala jar, ale predsa len priletela? Ot\u00e1zka je, \u010di stihne pred zimou odletie\u0165, alebo rad\u0161ej zamrzne? Alebo je to len materi\u00e1l, ktor\u00fd sme museli vyprodukova\u0165, nech je ak\u00fdko\u013evek, aby sme sa dostali k\u00a0eur\u00f3pskym fondom?<\/b><\/p>\n<p><b>Mo\u017eno by sme potrebovali pri tvorbe tak\u00fdchto strat\u00e9gi\u00ed nejak\u00fdch sk\u00fasen\u00fdch odborn\u00edkov zo zahrani\u010dia, lebo \u010do najviac v\u00a0tomto materi\u00e1li poci\u0165ujeme, je absencia aktu\u00e1lnej sk\u00fasenosti od na\u0161ich susedov a partnerov.\u00a0 Nesta\u010d\u00ed len citova\u0165 kni\u017eky. Ve\u010f sme predsa v\u00a0jednom civiliza\u010dno-ekonomickom \u010dasopriestore, tak by pr\u00edtomnos\u0165 zahrani\u010dn\u00fdch expertov nemala by\u0165 a\u017e tak\u00e1 prekvapuj\u00faca.<\/b><\/p>\n<\/div>\n","protected":false},"excerpt":{"rendered":"<p>Ko\u013eko rokov zaost\u00e1vame? T\u00e9ma kreat\u00edvnych priemyslov rezonovala z\u00e1padn\u00fdm svetom v\u00a080tych rokoch 20. storo\u010dia. Vlnu kult\u00farneho a\u00a0kreat\u00edvneho priemyslu sme zachytili a\u017e teraz v\u00a0podobe Strat\u00e9gie rozvoja kreat\u00edvneho priemyslu v\u00a0Slovenskej republike. \u00a0Na tento moment sme s\u00a0nap\u00e4t\u00edm \u010dakali, a\u00a0zrejme preto s\u00fa na\u0161e o\u010dak\u00e1vania privysok\u00e9. &nbsp; Potrebujeme: a)\u00a0\u00a0\u00a0\u00a0\u00a0 zmenu legislat\u00edvy, b)\u00a0\u00a0\u00a0\u00a0\u00a0 mo\u017enos\u0165 pred\u00e1va\u0165 na\u0161e v\u00fdrobky, c)\u00a0\u00a0\u00a0\u00a0\u00a0\u00a0 prezentova\u0165 ich doma i\u00a0v\u00a0zahrani\u010d\u00ed, [&hellip;]<\/p>\n","protected":false},"author":1,"featured_media":0,"comment_status":"closed","ping_status":"closed","sticky":false,"template":"","format":"standard","meta":{"footnotes":""},"categories":[7],"tags":[],"class_list":["post-230","post","type-post","status-publish","format-standard","hentry","category-komentare"],"_links":{"self":[{"href":"https:\/\/via-cultura.sk\/en\/wp-json\/wp\/v2\/posts\/230","targetHints":{"allow":["GET"]}}],"collection":[{"href":"https:\/\/via-cultura.sk\/en\/wp-json\/wp\/v2\/posts"}],"about":[{"href":"https:\/\/via-cultura.sk\/en\/wp-json\/wp\/v2\/types\/post"}],"author":[{"embeddable":true,"href":"https:\/\/via-cultura.sk\/en\/wp-json\/wp\/v2\/users\/1"}],"replies":[{"embeddable":true,"href":"https:\/\/via-cultura.sk\/en\/wp-json\/wp\/v2\/comments?post=230"}],"version-history":[{"count":1,"href":"https:\/\/via-cultura.sk\/en\/wp-json\/wp\/v2\/posts\/230\/revisions"}],"predecessor-version":[{"id":231,"href":"https:\/\/via-cultura.sk\/en\/wp-json\/wp\/v2\/posts\/230\/revisions\/231"}],"wp:attachment":[{"href":"https:\/\/via-cultura.sk\/en\/wp-json\/wp\/v2\/media?parent=230"}],"wp:term":[{"taxonomy":"category","embeddable":true,"href":"https:\/\/via-cultura.sk\/en\/wp-json\/wp\/v2\/categories?post=230"},{"taxonomy":"post_tag","embeddable":true,"href":"https:\/\/via-cultura.sk\/en\/wp-json\/wp\/v2\/tags?post=230"}],"curies":[{"name":"wp","href":"https:\/\/api.w.org\/{rel}","templated":true}]}}