{"id":228,"date":"2022-09-19T16:51:50","date_gmt":"2022-09-19T14:51:50","guid":{"rendered":"https:\/\/via-cultura.sk\/?p=228"},"modified":"2022-09-19T16:51:50","modified_gmt":"2022-09-19T14:51:50","slug":"protest-proti-zaniku-archivu-mesta-bratislava","status":"publish","type":"post","link":"https:\/\/via-cultura.sk\/en\/protest-proti-zaniku-archivu-mesta-bratislava\/","title":{"rendered":"Protest proti z\u00e1niku Arch\u00edvu mesta Bratislava"},"content":{"rendered":"<div class=\"entry-content\">\n<p>Bratislavsk\u00fd mestsk\u00fd arch\u00edv m\u00e1 za sebou 900-ro\u010dn\u00fa hist\u00f3riu. Tipnite si, ko\u013eko gener\u00e1ci\u00ed tam zhroma\u017e\u010fovalo tie najd\u00f4le\u017eitej\u0161ie \u00fadaje o \u017eivote mesta a o jeho obyvate\u013eoch? Najmenej tridsa\u0165. A najmenej tridsa\u0165 spr\u00e1vcov arch\u00edvu sa muselo vystrieda\u0165 v kultivovan\u00ed pam\u00e4ti n\u00e1\u0161ho dne\u0161n\u00e9ho hlavn\u00e9ho mesta. A\u017e k\u00fdm nepri\u0161iel rok 2015.<\/p>\n<p><span id=\"more-728\"><\/span>Hist\u00f3ria sem, v\u00fdznam tam, potrebujeme peniaze na policajtov a nie na star\u00e9 papiere, povedali si na Ministerstve vn\u00fatra Slovenskej republiky. A 900-ro\u010dn\u00fd arch\u00edv sa m\u00e1 definit\u00edvne rozplyn\u00fa\u0165 v obdob\u00ed, ke\u010f Bratislava je metropolou samostatnej Slovenskej republiky.<\/p>\n<p dir=\"ltr\">IKP d\u00f4razne protestuje proti pl\u00e1novan\u00e9mu z\u00e1niku historick\u00e9ho Arch\u00edvu mesta Bratislava. Aj ke\u010f, povedzme si rovno, pop\u00edsan\u00fdm a pokreslen\u00fdm papierom, teda hlavn\u00e9mu objektu arch\u00edvneho sna\u017eenia, je to zrejme jedno. Niektor\u00e9 kusy, napr\u00edklad tak\u00fd vz\u00e1cny Bratislavsk\u00fd antifon\u00e1r, boli u\u017e v minulosti postupne poprep\u00edjan\u00e9 miestnymi mn\u00edchmi a tak s\u00fa teraz rozk\u00faskovane ulo\u017een\u00e9 na r\u00f4znych miestach, by tak\u00e9to sp\u00e1janie ur\u010dite priv\u00edtal. E\u0161te\u017ee je u\u017e Antifon\u00e1r digitalizovan\u00fd, tak\u017ee pre\u017eil virtu\u00e1lne spojenie. Ale polo\u017eme si ot\u00e1zku, \u010do tak\u00e9 drah\u00e9 chc\u00fa pi\u0165 na Ministerstve vn\u00fatra, ke\u010f chc\u00fa \u201cprepi\u0165\u201d cel\u00fd arch\u00edv? Komu to prospeje? A kto chce argumentova\u0165, \u017ee u\u0161etr\u00ed jednu budovu \u0161k\u00f4lky v Petr\u017ealke, v ktorej v otrasn\u00fdch podmienkach arch\u00edv s\u00eddli? Tak\u017ee namiesto toho, aby sme postavili pre tak vz\u00e1cny a unik\u00e1tny arch\u00edv \u0161peci\u00e1lnu budovu, kult\u00farnu ustanovize\u0148, do ktorej by sme mohli chodi\u0165 v prcesi\u00e1ch podobne ako chodia \u010cesi na klenoty, vyna\u0161iel minister Kali\u0148\u00e1k plebejsk\u00e9 rie\u0161enie: arch\u00edv zru\u0161\u00edme, u\u0161etr\u00edme miesto jednej sekret\u00e1rky, nebude probl\u00e9m s objektom \u0161k\u00f4lky a \u2026 majte ma radi!<\/p>\n<p dir=\"ltr\">O \u010do by malo pri zlu\u010dovan\u00ed \u00eds\u0165? IKP sa preklikal na str\u00e1nke Ministerstva vn\u00fatra a\u017e k arch\u00edvom. So zdesen\u00edm kon\u0161tatujeme, \u017ee neposkytuje o arch\u00edvoch viac inform\u00e1ci\u00ed ako Zlat\u00e9 str\u00e1nky. Arch\u00edvy n\u00e1m d\u00e1vaj\u00fa cez t\u00fato str\u00e1nku jasne najavo \u2013 nech v\u00e1s ani len nenapadne n\u00e1s nav\u0161t\u00edvi\u0165! My sme vn\u00fatro, kto je viac? No viac by mala by\u0165 kult\u00fara a jej dedi\u010dstvo! Na tom trv\u00e1me. Arch\u00edvy by nemali len vyd\u00e1va\u0165 osved\u010denia o vysved\u010deniach a r\u00f4znych \u00faradn\u00fdch listin\u00e1ch za posledn\u00fdch sto rokov, ale mali by by\u0165 pre n\u00e1s kult\u00farnymi a vedeck\u00fdmi \u00a0in\u0161tit\u00faciami \u2013 teda najm\u00e4 ich historick\u00e9 \u010dasti. Ale v\u0161etky snahy odobra\u0165 arch\u00edvy megaministersvu vn\u00fatra a zl\u00fa\u010di\u0165 ich s ministerstvom, kam v skuto\u010dnosti patria \u2013 teda Ministerstvom kult\u00fary, stroskot\u00e1vaj\u00fa na ban\u00e1lnej platovej politike. Ak\u00e9ko\u013evek zmienky o zlu\u010dovan\u00ed vyvol\u00e1vaj\u00fa nev\u00f4\u013eu archiv\u00e1rskej obce a existen\u010dne by postihli desiatky lok\u00e1lnych nielen str\u00e1\u017ecov teploty a vlhkosti, ale aj znalcov latiny a \u0161vabachu. Pre \u013eud\u00ed typu ministra Kali\u0148\u00e1ka by to bola masov\u00e1 degrad\u00e1cia archiv\u00e1rov na \u00farove\u0148 knihovn\u00edkov alebo m\u00fazejn\u00edkov, ktor\u00ed pod \u017eezlom ministra kult\u00fary Ma\u010fari\u010da sa musia uspokoji\u0165 s tr\u00e1pnymi platmi u\u010dite\u013esk\u00fdch tabuliek. Predsa aj lastovi\u010dky, ktor\u00e9 s\u00fa na Slovensku len p\u00e1r mesiacov, vedia, \u017ee zamestnanci z\u00e1visl\u00ed od Ministerstva kult\u00fary, s\u00fa najmenej platen\u00fdmi intelektu\u00e1lmi v celom \u0161t\u00e1te.<\/p>\n<p dir=\"ltr\">Mo\u017eno si minister Kali\u0148\u00e1k povedal v ESO-z\u00e1pale jedn\u00e9ho r\u00e1na: na\u010do dva arch\u00edvy v jednom meste? To kto to kedy videl? Ve\u010f aj v Kanade a v nordick\u00fdch krajin\u00e1ch maj\u00fa zl\u00fa\u010den\u00e9 nielen arch\u00edvy, ale e\u0161te aj n\u00e1rodn\u00fa kni\u017enicu s n\u00e1rodn\u00fdm arch\u00edvom. Pod\u013ea takto nastaven\u00fdch krit\u00e9ri\u00ed pre sp\u00e1janie ani v Martine nie je potrebn\u00e1 Tur\u010dianska kni\u017enica a jej pobo\u010dky. V\u0161ak pre t\u00fdch p\u00e1r \u010ditate\u013eov je tam predsa N\u00e1rodn\u00e1 kni\u017enica, aj ke\u010f je teraz rok zavret\u00e1. V\u0161imla si to kult\u00farna obec? Nie. Mo\u017eno z tejto logiky vych\u00e1dza p\u00e1n minister Kali\u0148\u00e1k, \u017ee si jeho majstrovanie v 900-ro\u010dnom arch\u00edve nikto nev\u0161imne. Pritom mus\u00edme zd\u00f4razni\u0165, \u017ee v tomto pr\u00edpade v\u00fdnimo\u010dne osobne ministra neupodozrievame, \u017ee by si chcel chcel potiahnu\u0165 niektor\u00e9 lep\u0161ie k\u00fasky z arch\u00edvu, aby ich spe\u0148a\u017eil na burze mimo hran\u00edc E\u00da. Hoci pri takom rozoberan\u00ed arch\u00edvu nemo\u017eno vyl\u00fa\u010di\u0165, \u017ee sa nie\u010do strat\u00ed. Ve\u010f ke\u010f sa les r\u00fabe, triesky lietaj\u00fa. Len\u017ee toto s\u00fa 900-ro\u010dn\u00e9 triesky! A les sme nesadili my.<\/p>\n<p dir=\"ltr\">Nezost\u00e1va n\u00e1m, kult\u00farnej verejnosti, ni\u010d in\u00e9, iba protestova\u0165 a upozorni\u0165 ministra Kali\u0148\u00e1ka, \u017ee nie ka\u017ed\u00e9 rie\u0161enie, z ktor\u00fdm prich\u00e1dza, m\u00e1 svoje opodstatnenie a racion\u00e1lnu logiku. Vyz\u00fdvame preto v\u0161etk\u00fdch pr\u00ed\u010detn\u00fdch \u013eud\u00ed, ktor\u00ed e\u0161te nesadia mrkvu v z\u00e1hradke, aby sa podp\u00edsali pod na\u0161u v\u00fdzvu za z\u00e1chranu a podporu bratislavsk\u00e9ho historick\u00e9ho arch\u00edvu AMB. Nebudovali sme Bratislavu i tento arch\u00edv sami. A je na\u0161ou povinnos\u0165ou odovzda\u0165 ho \u010fal\u0161ej gener\u00e1cii, pokia\u013e mo\u017eno v konsolidovanom a neporu\u0161enom stave. Vyz\u00fdvame aj prim\u00e1tora Bratislavy ako aj poslancov v\u0161etk\u00fdch mestsk\u00fdch \u010dast\u00ed, aby pozdvihli svoj hlas a nedovolili barbarom plieni\u0165 kult\u00farne in\u0161tit\u00facie. To prenechajme t\u00fdm, ktor\u00ed si ni\u010dia a rozpred\u00e1vaj\u00fa svoje vlastn\u00e9 kult\u00farne dedi\u010dstvo na Bl\u00edzkom v\u00fdchode.<\/p>\n<p dir=\"ltr\">T\u00edm IKP<\/p>\n<\/div>\n","protected":false},"excerpt":{"rendered":"<p>Bratislavsk\u00fd mestsk\u00fd arch\u00edv m\u00e1 za sebou 900-ro\u010dn\u00fa hist\u00f3riu. Tipnite si, ko\u013eko gener\u00e1ci\u00ed tam zhroma\u017e\u010fovalo tie najd\u00f4le\u017eitej\u0161ie \u00fadaje o \u017eivote mesta a o jeho obyvate\u013eoch? Najmenej tridsa\u0165. A najmenej tridsa\u0165 spr\u00e1vcov arch\u00edvu sa muselo vystrieda\u0165 v kultivovan\u00ed pam\u00e4ti n\u00e1\u0161ho dne\u0161n\u00e9ho hlavn\u00e9ho mesta. A\u017e k\u00fdm nepri\u0161iel rok 2015. Hist\u00f3ria sem, v\u00fdznam tam, potrebujeme peniaze na policajtov a [&hellip;]<\/p>\n","protected":false},"author":1,"featured_media":0,"comment_status":"closed","ping_status":"closed","sticky":false,"template":"","format":"standard","meta":{"footnotes":""},"categories":[7],"tags":[],"class_list":["post-228","post","type-post","status-publish","format-standard","hentry","category-komentare"],"_links":{"self":[{"href":"https:\/\/via-cultura.sk\/en\/wp-json\/wp\/v2\/posts\/228","targetHints":{"allow":["GET"]}}],"collection":[{"href":"https:\/\/via-cultura.sk\/en\/wp-json\/wp\/v2\/posts"}],"about":[{"href":"https:\/\/via-cultura.sk\/en\/wp-json\/wp\/v2\/types\/post"}],"author":[{"embeddable":true,"href":"https:\/\/via-cultura.sk\/en\/wp-json\/wp\/v2\/users\/1"}],"replies":[{"embeddable":true,"href":"https:\/\/via-cultura.sk\/en\/wp-json\/wp\/v2\/comments?post=228"}],"version-history":[{"count":1,"href":"https:\/\/via-cultura.sk\/en\/wp-json\/wp\/v2\/posts\/228\/revisions"}],"predecessor-version":[{"id":229,"href":"https:\/\/via-cultura.sk\/en\/wp-json\/wp\/v2\/posts\/228\/revisions\/229"}],"wp:attachment":[{"href":"https:\/\/via-cultura.sk\/en\/wp-json\/wp\/v2\/media?parent=228"}],"wp:term":[{"taxonomy":"category","embeddable":true,"href":"https:\/\/via-cultura.sk\/en\/wp-json\/wp\/v2\/categories?post=228"},{"taxonomy":"post_tag","embeddable":true,"href":"https:\/\/via-cultura.sk\/en\/wp-json\/wp\/v2\/tags?post=228"}],"curies":[{"name":"wp","href":"https:\/\/api.w.org\/{rel}","templated":true}]}}